{"id":466,"date":"2024-12-09T16:29:57","date_gmt":"2024-12-09T15:29:57","guid":{"rendered":"https:\/\/afrimvoe.net\/?p=466"},"modified":"2024-12-09T16:29:59","modified_gmt":"2024-12-09T15:29:59","slug":"installation-du-dg-du-chu-en-presence-des-pr-nkoo-amvene-samuel-pr-emmanuel-eben-moussi-et-pr-ndjolo-alexis","status":"publish","type":"post","link":"https:\/\/afrimvoe.net\/en\/installation-du-dg-du-chu-en-presence-des-pr-nkoo-amvene-samuel-pr-emmanuel-eben-moussi-et-pr-ndjolo-alexis\/","title":{"rendered":"Installation du DG du CHU en pr\u00e9sence des Pr Nko&rsquo;o Amvene Samuel, Pr Emmanuel Eben-Moussi et Pr Ndjolo Alexis"},"content":{"rendered":"<p>Le Centre Hospitalier Universitaire (CHU) a v\u00e9cu, le 5 d\u00e9cembre 2024, un moment marquant avec l&rsquo;installation officielle du nouveau Directeur G\u00e9n\u00e9ral, <strong>Pr NDJIENTCHEU Vincent de Paul<\/strong>. Cette c\u00e9r\u00e9monie, plac\u00e9e sous la haute autorit\u00e9 du Ministre de la Sant\u00e9 Publique, a r\u00e9uni de nombreuses personnalit\u00e9s du monde m\u00e9dical, dont les <strong>Pr Nko&rsquo;o Amvene Samuel (PCO Afrimvoe Health-Education-Environment-Peace Inc.), Pr Emmanuel Eben-Moussi et Pr Ndjolo Alexis.<\/strong><\/p>\n\n\n\n<p>Nomm\u00e9 par d\u00e9cret pr\u00e9sidentiel N\u00b0 2024\/603 du 25 novembre 2024, le Pr NDJIENTCHEU succ\u00e8de ainsi au Pr NTONN\u00c9, \u00e0 qui le Minsant\u00e9 a rendu un vibrant hommage. \u00ab La beaut\u00e9 est dans les yeux de celui qui regarde \u00bb, a-t-il soulign\u00e9, citant Oscar Wilde, pour saluer le travail accompli par son pr\u00e9d\u00e9cesseur.<\/p>\n\n\n\n<p><strong>Une reconnaissance pr\u00e9sidentielle et un nouveau dynamisme<\/strong><\/p>\n\n\n\n<p>Dans son allocution, le Ministre de la Sant\u00e9 Publique a tout d&rsquo;abord exprim\u00e9 la profonde gratitude de la grande famille de la sant\u00e9 \u00e0 l&rsquo;endroit du Pr\u00e9sident de la R\u00e9publique pour son engagement constant en faveur de l&rsquo;am\u00e9lioration du syst\u00e8me de sant\u00e9. Il a ensuite mis en exergue les qualit\u00e9s du nouveau Directeur G\u00e9n\u00e9ral, dont la riche exp\u00e9rience et le savoir-faire sont autant d&rsquo;atouts pour relever les d\u00e9fis auxquels fait face le CHU.<\/p>\n\n\n\n<p>Avec l&rsquo;arriv\u00e9e du Pr NDJIENTCHEU, le CHU ouvre une nouvelle page de son histoire. Le nouveau Directeur G\u00e9n\u00e9ral a, \u00e0 cette occasion, pr\u00e9sent\u00e9 les grandes lignes de son projet pour l&rsquo;\u00e9tablissement. Il a notamment insist\u00e9 sur la n\u00e9cessit\u00e9 de renforcer la qualit\u00e9 des soins, de moderniser les \u00e9quipements et de d\u00e9velopper la recherche m\u00e9dicale.<\/p>\n\n\n\n<p><strong>Le Pr Nko&rsquo;o Amvene Samuel, t\u00e9moin privil\u00e9gi\u00e9 de cette passation de pouvoir<\/strong><\/p>\n\n\n\n<p>Le <strong>Pr Nko&rsquo;o Amvene Samuel, Directeur G\u00e9n\u00e9ral d&rsquo;Afrimvoe Medical Services<\/strong> et figure embl\u00e9matique de la sant\u00e9 au Cameroun, a assist\u00e9 avec int\u00e9r\u00eat \u00e0 cette c\u00e9r\u00e9monie. Son expertise et son exp\u00e9rience dans le domaine m\u00e9dical font de lui un observateur averti de l&rsquo;\u00e9volution du secteur.<\/p>\n\n\n\n<p>La pr\u00e9sence du Pr Nko&rsquo;o Amvene Samuel \u00e0 cette c\u00e9r\u00e9monie est un signe fort de l&rsquo;engagement d&rsquo;Afrimvoe Medical Services aux c\u00f4t\u00e9s des acteurs de la sant\u00e9 camerounaise. <\/p>\n\n\n\n<p><strong>Perspectives d\u2019avenir<\/strong><\/p>\n\n\n\n<p>L\u2019installation du Pr NDJIENTCHEU \u00e0 la t\u00eate du CHU marque un tournant d\u00e9cisif. Les d\u00e9fis sont nombreux, mais les perspectives sont prometteuses. Avec un nouveau Directeur G\u00e9n\u00e9ral dynamique et ambitieux, soutenu par un minist\u00e8re de la Sant\u00e9 engag\u00e9 et des partenaires comme Afrimvoe Medical Services, le CHU est appel\u00e9 \u00e0 jouer un r\u00f4le encore plus important dans le paysage sanitaire camerounais.<\/p>\n\n\n\n<p><strong>Conclusion<\/strong><\/p>\n\n\n\n<p>Cette c\u00e9r\u00e9monie d&rsquo;installation a \u00e9t\u00e9 l&rsquo;occasion de c\u00e9l\u00e9brer le dynamisme du secteur de la sant\u00e9 au Cameroun. Le CHU, sous la houlette de son nouveau Directeur G\u00e9n\u00e9ral, est pr\u00eat \u00e0 relever les d\u00e9fis de demain et \u00e0 offrir des soins de qualit\u00e9 \u00e0 tous les Camerounais.<\/p>\n\n\n\n<figure class=\"wp-block-image\"><img loading=\"lazy\" decoding=\"async\" width=\"1080\" height=\"702\" src=\"https:\/\/afrimvoe.net\/wp-content\/uploads\/2024\/12\/WhatsApp-Image-2024-12-06-a-13.25.16_cbf4ab83.jpg\" alt=\"\" class=\"wp-image-468\" srcset=\"https:\/\/afrimvoe.net\/wp-content\/uploads\/2024\/12\/WhatsApp-Image-2024-12-06-a-13.25.16_cbf4ab83.jpg 1080w, https:\/\/afrimvoe.net\/wp-content\/uploads\/2024\/12\/WhatsApp-Image-2024-12-06-a-13.25.16_cbf4ab83-300x195.jpg 300w, https:\/\/afrimvoe.net\/wp-content\/uploads\/2024\/12\/WhatsApp-Image-2024-12-06-a-13.25.16_cbf4ab83-1024x666.jpg 1024w, https:\/\/afrimvoe.net\/wp-content\/uploads\/2024\/12\/WhatsApp-Image-2024-12-06-a-13.25.16_cbf4ab83-768x499.jpg 768w, https:\/\/afrimvoe.net\/wp-content\/uploads\/2024\/12\/WhatsApp-Image-2024-12-06-a-13.25.16_cbf4ab83-18x12.jpg 18w\" sizes=\"auto, (max-width: 1080px) 100vw, 1080px\" \/><\/figure>\n\n\n\n<figure class=\"wp-block-image\"><img loading=\"lazy\" decoding=\"async\" width=\"1000\" height=\"450\" src=\"https:\/\/afrimvoe.net\/wp-content\/uploads\/2024\/12\/WhatsApp-Image-2024-12-06-a-13.25.16_0ee3102e.jpg\" alt=\"\" class=\"wp-image-467\" srcset=\"https:\/\/afrimvoe.net\/wp-content\/uploads\/2024\/12\/WhatsApp-Image-2024-12-06-a-13.25.16_0ee3102e.jpg 1000w, https:\/\/afrimvoe.net\/wp-content\/uploads\/2024\/12\/WhatsApp-Image-2024-12-06-a-13.25.16_0ee3102e-300x135.jpg 300w, https:\/\/afrimvoe.net\/wp-content\/uploads\/2024\/12\/WhatsApp-Image-2024-12-06-a-13.25.16_0ee3102e-768x346.jpg 768w, https:\/\/afrimvoe.net\/wp-content\/uploads\/2024\/12\/WhatsApp-Image-2024-12-06-a-13.25.16_0ee3102e-18x8.jpg 18w\" sizes=\"auto, (max-width: 1000px) 100vw, 1000px\" \/><\/figure>","protected":false},"excerpt":{"rendered":"<p>Le Centre Hospitalier Universitaire (CHU) a v\u00e9cu, le 5 d\u00e9cembre 2024, un moment marquant avec l&rsquo;installation officielle du nouveau Directeur G\u00e9n\u00e9ral, Pr NDJIENTCHEU Vincent de Paul. Cette c\u00e9r\u00e9monie, plac\u00e9e sous la haute autorit\u00e9 du Ministre de la Sant\u00e9 Publique, a r\u00e9uni de nombreuses personnalit\u00e9s du monde m\u00e9dical, dont les Pr Nko&rsquo;o Amvene Samuel (PCO Afrimvoe [&#8230;]<\/p>\n<p><a class=\"btn btn-secondary understrap-read-more-link\" href=\"https:\/\/afrimvoe.net\/en\/installation-du-dg-du-chu-en-presence-des-pr-nkoo-amvene-samuel-pr-emmanuel-eben-moussi-et-pr-ndjolo-alexis\/\">Read More&#8230;<\/a><\/p>","protected":false},"author":1,"featured_media":469,"comment_status":"open","ping_status":"open","sticky":false,"template":"","format":"standard","meta":{"footnotes":""},"categories":[1],"tags":[27,29,30,28],"class_list":["post-466","post","type-post","status-publish","format-standard","has-post-thumbnail","hentry","category-non-classe","tag-chu","tag-installation-afrimvoe","tag-pr-ndjolo-alexis","tag-professeur-eben-moussi"],"yoast_head":"<!-- This site is optimized with the Yoast SEO plugin v24.4 - https:\/\/yoast.com\/wordpress\/plugins\/seo\/ -->\n<title>Installation du DG du CHU en pr\u00e9sence des Pr Nko&#039;o Amvene Samuel, Pr Emmanuel Eben-Moussi et Pr Ndjolo Alexis - Afrimvoe M\u00e9dical<\/title>\n<meta name=\"robots\" content=\"index, follow, max-snippet:-1, max-image-preview:large, max-video-preview:-1\" \/>\n<link rel=\"canonical\" href=\"http:\/\/afrimvoe.net\/en\/installation-du-dg-du-chu-en-presence-des-pr-nkoo-amvene-samuel-pr-emmanuel-eben-moussi-et-pr-ndjolo-alexis\/\" \/>\n<meta property=\"og:locale\" content=\"en_US\" \/>\n<meta property=\"og:type\" content=\"article\" \/>\n<meta property=\"og:title\" content=\"Installation du DG du CHU en pr\u00e9sence des Pr Nko&#039;o Amvene Samuel, Pr Emmanuel Eben-Moussi et Pr Ndjolo Alexis - Afrimvoe M\u00e9dical\" \/>\n<meta property=\"og:description\" content=\"Le Centre Hospitalier Universitaire (CHU) a v\u00e9cu, le 5 d\u00e9cembre 2024, un moment marquant avec l&rsquo;installation officielle du nouveau Directeur G\u00e9n\u00e9ral, Pr NDJIENTCHEU Vincent de Paul. Cette c\u00e9r\u00e9monie, plac\u00e9e sous la haute autorit\u00e9 du Ministre de la Sant\u00e9 Publique, a r\u00e9uni de nombreuses personnalit\u00e9s du monde m\u00e9dical, dont les Pr Nko&rsquo;o Amvene Samuel (PCO Afrimvoe [...]Read More...\" \/>\n<meta property=\"og:url\" content=\"http:\/\/afrimvoe.net\/en\/installation-du-dg-du-chu-en-presence-des-pr-nkoo-amvene-samuel-pr-emmanuel-eben-moussi-et-pr-ndjolo-alexis\/\" \/>\n<meta property=\"og:site_name\" content=\"Afrimvoe M\u00e9dical\" \/>\n<meta property=\"article:author\" content=\"https:\/\/web.facebook.com\/profile.php?id=61551157904498#:~:text=Editcoverphoto-,HealthResearchinAfrica,-5likes\" \/>\n<meta property=\"article:published_time\" content=\"2024-12-09T15:29:57+00:00\" \/>\n<meta property=\"article:modified_time\" content=\"2024-12-09T15:29:59+00:00\" \/>\n<meta property=\"og:image\" content=\"http:\/\/afrimvoe.net\/wp-content\/uploads\/2024\/12\/WhatsApp-Image-2024-12-09-a-16.05.02_92956c82.jpg\" \/>\n\t<meta property=\"og:image:width\" content=\"1080\" \/>\n\t<meta property=\"og:image:height\" content=\"776\" \/>\n\t<meta property=\"og:image:type\" content=\"image\/jpeg\" \/>\n<meta name=\"author\" content=\"afmed\" \/>\n<meta name=\"twitter:card\" content=\"summary_large_image\" \/>\n<meta name=\"twitter:label1\" content=\"Written by\" \/>\n\t<meta name=\"twitter:data1\" content=\"afmed\" \/>\n\t<meta name=\"twitter:label2\" content=\"Est. reading time\" \/>\n\t<meta name=\"twitter:data2\" content=\"3 minutes\" \/>\n<script type=\"application\/ld+json\" class=\"yoast-schema-graph\">{\"@context\":\"https:\/\/schema.org\",\"@graph\":[{\"@type\":\"Article\",\"@id\":\"http:\/\/afrimvoe.net\/en\/installation-du-dg-du-chu-en-presence-des-pr-nkoo-amvene-samuel-pr-emmanuel-eben-moussi-et-pr-ndjolo-alexis\/#article\",\"isPartOf\":{\"@id\":\"http:\/\/afrimvoe.net\/en\/installation-du-dg-du-chu-en-presence-des-pr-nkoo-amvene-samuel-pr-emmanuel-eben-moussi-et-pr-ndjolo-alexis\/\"},\"author\":{\"name\":\"afmed\",\"@id\":\"http:\/\/afrimvoe.net\/en\/#\/schema\/person\/999cf2859139c68c600f61458d1046a3\"},\"headline\":\"Installation du DG du CHU en pr\u00e9sence des Pr Nko&rsquo;o Amvene Samuel, Pr Emmanuel Eben-Moussi et Pr Ndjolo Alexis\",\"datePublished\":\"2024-12-09T15:29:57+00:00\",\"dateModified\":\"2024-12-09T15:29:59+00:00\",\"mainEntityOfPage\":{\"@id\":\"http:\/\/afrimvoe.net\/en\/installation-du-dg-du-chu-en-presence-des-pr-nkoo-amvene-samuel-pr-emmanuel-eben-moussi-et-pr-ndjolo-alexis\/\"},\"wordCount\":529,\"commentCount\":0,\"publisher\":{\"@id\":\"http:\/\/afrimvoe.net\/en\/#organization\"},\"image\":{\"@id\":\"http:\/\/afrimvoe.net\/en\/installation-du-dg-du-chu-en-presence-des-pr-nkoo-amvene-samuel-pr-emmanuel-eben-moussi-et-pr-ndjolo-alexis\/#primaryimage\"},\"thumbnailUrl\":\"https:\/\/afrimvoe.net\/wp-content\/uploads\/2024\/12\/WhatsApp-Image-2024-12-09-a-16.05.02_92956c82.jpg\",\"keywords\":[\"CHU\",\"Installation Afrimvoe\",\"Pr Ndjolo Alexis\",\"Professeur Eben-Moussi\"],\"articleSection\":[\"Non class\u00e9\"],\"inLanguage\":\"en-US\",\"potentialAction\":[{\"@type\":\"CommentAction\",\"name\":\"Comment\",\"target\":[\"http:\/\/afrimvoe.net\/en\/installation-du-dg-du-chu-en-presence-des-pr-nkoo-amvene-samuel-pr-emmanuel-eben-moussi-et-pr-ndjolo-alexis\/#respond\"]}]},{\"@type\":\"WebPage\",\"@id\":\"http:\/\/afrimvoe.net\/en\/installation-du-dg-du-chu-en-presence-des-pr-nkoo-amvene-samuel-pr-emmanuel-eben-moussi-et-pr-ndjolo-alexis\/\",\"url\":\"http:\/\/afrimvoe.net\/en\/installation-du-dg-du-chu-en-presence-des-pr-nkoo-amvene-samuel-pr-emmanuel-eben-moussi-et-pr-ndjolo-alexis\/\",\"name\":\"Installation du DG du CHU en pr\u00e9sence des Pr Nko'o Amvene Samuel, Pr Emmanuel Eben-Moussi et Pr Ndjolo Alexis - Afrimvoe M\u00e9dical\",\"isPartOf\":{\"@id\":\"http:\/\/afrimvoe.net\/en\/#website\"},\"primaryImageOfPage\":{\"@id\":\"http:\/\/afrimvoe.net\/en\/installation-du-dg-du-chu-en-presence-des-pr-nkoo-amvene-samuel-pr-emmanuel-eben-moussi-et-pr-ndjolo-alexis\/#primaryimage\"},\"image\":{\"@id\":\"http:\/\/afrimvoe.net\/en\/installation-du-dg-du-chu-en-presence-des-pr-nkoo-amvene-samuel-pr-emmanuel-eben-moussi-et-pr-ndjolo-alexis\/#primaryimage\"},\"thumbnailUrl\":\"https:\/\/afrimvoe.net\/wp-content\/uploads\/2024\/12\/WhatsApp-Image-2024-12-09-a-16.05.02_92956c82.jpg\",\"datePublished\":\"2024-12-09T15:29:57+00:00\",\"dateModified\":\"2024-12-09T15:29:59+00:00\",\"breadcrumb\":{\"@id\":\"http:\/\/afrimvoe.net\/en\/installation-du-dg-du-chu-en-presence-des-pr-nkoo-amvene-samuel-pr-emmanuel-eben-moussi-et-pr-ndjolo-alexis\/#breadcrumb\"},\"inLanguage\":\"en-US\",\"potentialAction\":[{\"@type\":\"ReadAction\",\"target\":[\"http:\/\/afrimvoe.net\/en\/installation-du-dg-du-chu-en-presence-des-pr-nkoo-amvene-samuel-pr-emmanuel-eben-moussi-et-pr-ndjolo-alexis\/\"]}]},{\"@type\":\"ImageObject\",\"inLanguage\":\"en-US\",\"@id\":\"http:\/\/afrimvoe.net\/en\/installation-du-dg-du-chu-en-presence-des-pr-nkoo-amvene-samuel-pr-emmanuel-eben-moussi-et-pr-ndjolo-alexis\/#primaryimage\",\"url\":\"https:\/\/afrimvoe.net\/wp-content\/uploads\/2024\/12\/WhatsApp-Image-2024-12-09-a-16.05.02_92956c82.jpg\",\"contentUrl\":\"https:\/\/afrimvoe.net\/wp-content\/uploads\/2024\/12\/WhatsApp-Image-2024-12-09-a-16.05.02_92956c82.jpg\",\"width\":1080,\"height\":776},{\"@type\":\"BreadcrumbList\",\"@id\":\"http:\/\/afrimvoe.net\/en\/installation-du-dg-du-chu-en-presence-des-pr-nkoo-amvene-samuel-pr-emmanuel-eben-moussi-et-pr-ndjolo-alexis\/#breadcrumb\",\"itemListElement\":[{\"@type\":\"ListItem\",\"position\":1,\"name\":\"Accueil\",\"item\":\"http:\/\/afrimvoe.net\/en\/\"},{\"@type\":\"ListItem\",\"position\":2,\"name\":\"Installation du DG du CHU en pr\u00e9sence des Pr Nko&rsquo;o Amvene Samuel, Pr Emmanuel Eben-Moussi et Pr Ndjolo Alexis\"}]},{\"@type\":\"WebSite\",\"@id\":\"http:\/\/afrimvoe.net\/en\/#website\",\"url\":\"http:\/\/afrimvoe.net\/en\/\",\"name\":\"Afrimvoe M\u00e9dical\",\"description\":\"Sciences, Conscience, Exp\u00e9rience et Puissance des TIC au Service de Votre Sant\u00e9\",\"publisher\":{\"@id\":\"http:\/\/afrimvoe.net\/en\/#organization\"},\"potentialAction\":[{\"@type\":\"SearchAction\",\"target\":{\"@type\":\"EntryPoint\",\"urlTemplate\":\"http:\/\/afrimvoe.net\/en\/?s={search_term_string}\"},\"query-input\":{\"@type\":\"PropertyValueSpecification\",\"valueRequired\":true,\"valueName\":\"search_term_string\"}}],\"inLanguage\":\"en-US\"},{\"@type\":\"Organization\",\"@id\":\"http:\/\/afrimvoe.net\/en\/#organization\",\"name\":\"Afrimvoe M\u00e9dical\",\"url\":\"http:\/\/afrimvoe.net\/en\/\",\"logo\":{\"@type\":\"ImageObject\",\"inLanguage\":\"en-US\",\"@id\":\"http:\/\/afrimvoe.net\/en\/#\/schema\/logo\/image\/\",\"url\":\"https:\/\/afrimvoe.net\/wp-content\/uploads\/2021\/12\/cropped-Capture-decran-2023-09-20-125425.png\",\"contentUrl\":\"https:\/\/afrimvoe.net\/wp-content\/uploads\/2021\/12\/cropped-Capture-decran-2023-09-20-125425.png\",\"width\":148,\"height\":148,\"caption\":\"Afrimvoe M\u00e9dical\"},\"image\":{\"@id\":\"http:\/\/afrimvoe.net\/en\/#\/schema\/logo\/image\/\"}},{\"@type\":\"Person\",\"@id\":\"http:\/\/afrimvoe.net\/en\/#\/schema\/person\/999cf2859139c68c600f61458d1046a3\",\"name\":\"afmed\",\"image\":{\"@type\":\"ImageObject\",\"inLanguage\":\"en-US\",\"@id\":\"http:\/\/afrimvoe.net\/en\/#\/schema\/person\/image\/\",\"url\":\"https:\/\/secure.gravatar.com\/avatar\/8c65b3b16c3754091446a3eb65c478605533bfeb88f70d2be64d4046ed189955?s=96&d=mm&r=g\",\"contentUrl\":\"https:\/\/secure.gravatar.com\/avatar\/8c65b3b16c3754091446a3eb65c478605533bfeb88f70d2be64d4046ed189955?s=96&d=mm&r=g\",\"caption\":\"afmed\"},\"description\":\"Samuel Nko'o Amvene. Professor of Clinical Radiology; Director, Afrimvoe Medical Services; Consultant Radiologist, The Yaounde University Teaching Hospital\",\"sameAs\":[\"http:\/\/afrimvoe.net\",\"https:\/\/web.facebook.com\/profile.php?id=61551157904498#:~:text=Editcoverphoto-,HealthResearchinAfrica,-5likes\"],\"url\":\"https:\/\/afrimvoe.net\/en\/author\/afmed\/\"}]}<\/script>\n<!-- \/ Yoast SEO plugin. -->","yoast_head_json":{"title":"Installation du DG du CHU en pr\u00e9sence des Pr Nko'o Amvene Samuel, Pr Emmanuel Eben-Moussi et Pr Ndjolo Alexis - Afrimvoe M\u00e9dical","robots":{"index":"index","follow":"follow","max-snippet":"max-snippet:-1","max-image-preview":"max-image-preview:large","max-video-preview":"max-video-preview:-1"},"canonical":"http:\/\/afrimvoe.net\/en\/installation-du-dg-du-chu-en-presence-des-pr-nkoo-amvene-samuel-pr-emmanuel-eben-moussi-et-pr-ndjolo-alexis\/","og_locale":"en_US","og_type":"article","og_title":"Installation du DG du CHU en pr\u00e9sence des Pr Nko'o Amvene Samuel, Pr Emmanuel Eben-Moussi et Pr Ndjolo Alexis - Afrimvoe M\u00e9dical","og_description":"Le Centre Hospitalier Universitaire (CHU) a v\u00e9cu, le 5 d\u00e9cembre 2024, un moment marquant avec l&rsquo;installation officielle du nouveau Directeur G\u00e9n\u00e9ral, Pr NDJIENTCHEU Vincent de Paul. Cette c\u00e9r\u00e9monie, plac\u00e9e sous la haute autorit\u00e9 du Ministre de la Sant\u00e9 Publique, a r\u00e9uni de nombreuses personnalit\u00e9s du monde m\u00e9dical, dont les Pr Nko&rsquo;o Amvene Samuel (PCO Afrimvoe [...]Read More...","og_url":"http:\/\/afrimvoe.net\/en\/installation-du-dg-du-chu-en-presence-des-pr-nkoo-amvene-samuel-pr-emmanuel-eben-moussi-et-pr-ndjolo-alexis\/","og_site_name":"Afrimvoe M\u00e9dical","article_author":"https:\/\/web.facebook.com\/profile.php?id=61551157904498#:~:text=Editcoverphoto-,HealthResearchinAfrica,-5likes","article_published_time":"2024-12-09T15:29:57+00:00","article_modified_time":"2024-12-09T15:29:59+00:00","og_image":[{"width":1080,"height":776,"url":"http:\/\/afrimvoe.net\/wp-content\/uploads\/2024\/12\/WhatsApp-Image-2024-12-09-a-16.05.02_92956c82.jpg","type":"image\/jpeg"}],"author":"afmed","twitter_card":"summary_large_image","twitter_misc":{"Written by":"afmed","Est. reading time":"3 minutes"},"schema":{"@context":"https:\/\/schema.org","@graph":[{"@type":"Article","@id":"http:\/\/afrimvoe.net\/en\/installation-du-dg-du-chu-en-presence-des-pr-nkoo-amvene-samuel-pr-emmanuel-eben-moussi-et-pr-ndjolo-alexis\/#article","isPartOf":{"@id":"http:\/\/afrimvoe.net\/en\/installation-du-dg-du-chu-en-presence-des-pr-nkoo-amvene-samuel-pr-emmanuel-eben-moussi-et-pr-ndjolo-alexis\/"},"author":{"name":"afmed","@id":"http:\/\/afrimvoe.net\/en\/#\/schema\/person\/999cf2859139c68c600f61458d1046a3"},"headline":"Installation du DG du CHU en pr\u00e9sence des Pr Nko&rsquo;o Amvene Samuel, Pr Emmanuel Eben-Moussi et Pr Ndjolo Alexis","datePublished":"2024-12-09T15:29:57+00:00","dateModified":"2024-12-09T15:29:59+00:00","mainEntityOfPage":{"@id":"http:\/\/afrimvoe.net\/en\/installation-du-dg-du-chu-en-presence-des-pr-nkoo-amvene-samuel-pr-emmanuel-eben-moussi-et-pr-ndjolo-alexis\/"},"wordCount":529,"commentCount":0,"publisher":{"@id":"http:\/\/afrimvoe.net\/en\/#organization"},"image":{"@id":"http:\/\/afrimvoe.net\/en\/installation-du-dg-du-chu-en-presence-des-pr-nkoo-amvene-samuel-pr-emmanuel-eben-moussi-et-pr-ndjolo-alexis\/#primaryimage"},"thumbnailUrl":"https:\/\/afrimvoe.net\/wp-content\/uploads\/2024\/12\/WhatsApp-Image-2024-12-09-a-16.05.02_92956c82.jpg","keywords":["CHU","Installation Afrimvoe","Pr Ndjolo Alexis","Professeur Eben-Moussi"],"articleSection":["Non class\u00e9"],"inLanguage":"en-US","potentialAction":[{"@type":"CommentAction","name":"Comment","target":["http:\/\/afrimvoe.net\/en\/installation-du-dg-du-chu-en-presence-des-pr-nkoo-amvene-samuel-pr-emmanuel-eben-moussi-et-pr-ndjolo-alexis\/#respond"]}]},{"@type":"WebPage","@id":"http:\/\/afrimvoe.net\/en\/installation-du-dg-du-chu-en-presence-des-pr-nkoo-amvene-samuel-pr-emmanuel-eben-moussi-et-pr-ndjolo-alexis\/","url":"http:\/\/afrimvoe.net\/en\/installation-du-dg-du-chu-en-presence-des-pr-nkoo-amvene-samuel-pr-emmanuel-eben-moussi-et-pr-ndjolo-alexis\/","name":"Installation du DG du CHU en pr\u00e9sence des Pr Nko'o Amvene Samuel, Pr Emmanuel Eben-Moussi et Pr Ndjolo Alexis - Afrimvoe M\u00e9dical","isPartOf":{"@id":"http:\/\/afrimvoe.net\/en\/#website"},"primaryImageOfPage":{"@id":"http:\/\/afrimvoe.net\/en\/installation-du-dg-du-chu-en-presence-des-pr-nkoo-amvene-samuel-pr-emmanuel-eben-moussi-et-pr-ndjolo-alexis\/#primaryimage"},"image":{"@id":"http:\/\/afrimvoe.net\/en\/installation-du-dg-du-chu-en-presence-des-pr-nkoo-amvene-samuel-pr-emmanuel-eben-moussi-et-pr-ndjolo-alexis\/#primaryimage"},"thumbnailUrl":"https:\/\/afrimvoe.net\/wp-content\/uploads\/2024\/12\/WhatsApp-Image-2024-12-09-a-16.05.02_92956c82.jpg","datePublished":"2024-12-09T15:29:57+00:00","dateModified":"2024-12-09T15:29:59+00:00","breadcrumb":{"@id":"http:\/\/afrimvoe.net\/en\/installation-du-dg-du-chu-en-presence-des-pr-nkoo-amvene-samuel-pr-emmanuel-eben-moussi-et-pr-ndjolo-alexis\/#breadcrumb"},"inLanguage":"en-US","potentialAction":[{"@type":"ReadAction","target":["http:\/\/afrimvoe.net\/en\/installation-du-dg-du-chu-en-presence-des-pr-nkoo-amvene-samuel-pr-emmanuel-eben-moussi-et-pr-ndjolo-alexis\/"]}]},{"@type":"ImageObject","inLanguage":"en-US","@id":"http:\/\/afrimvoe.net\/en\/installation-du-dg-du-chu-en-presence-des-pr-nkoo-amvene-samuel-pr-emmanuel-eben-moussi-et-pr-ndjolo-alexis\/#primaryimage","url":"https:\/\/afrimvoe.net\/wp-content\/uploads\/2024\/12\/WhatsApp-Image-2024-12-09-a-16.05.02_92956c82.jpg","contentUrl":"https:\/\/afrimvoe.net\/wp-content\/uploads\/2024\/12\/WhatsApp-Image-2024-12-09-a-16.05.02_92956c82.jpg","width":1080,"height":776},{"@type":"BreadcrumbList","@id":"http:\/\/afrimvoe.net\/en\/installation-du-dg-du-chu-en-presence-des-pr-nkoo-amvene-samuel-pr-emmanuel-eben-moussi-et-pr-ndjolo-alexis\/#breadcrumb","itemListElement":[{"@type":"ListItem","position":1,"name":"Accueil","item":"http:\/\/afrimvoe.net\/en\/"},{"@type":"ListItem","position":2,"name":"Installation du DG du CHU en pr\u00e9sence des Pr Nko&rsquo;o Amvene Samuel, Pr Emmanuel Eben-Moussi et Pr Ndjolo Alexis"}]},{"@type":"WebSite","@id":"http:\/\/afrimvoe.net\/en\/#website","url":"http:\/\/afrimvoe.net\/en\/","name":"Afrimvoe M\u00e9dical","description":"Sciences, Conscience, Exp\u00e9rience et Puissance des TIC au Service de Votre Sant\u00e9","publisher":{"@id":"http:\/\/afrimvoe.net\/en\/#organization"},"potentialAction":[{"@type":"SearchAction","target":{"@type":"EntryPoint","urlTemplate":"http:\/\/afrimvoe.net\/en\/?s={search_term_string}"},"query-input":{"@type":"PropertyValueSpecification","valueRequired":true,"valueName":"search_term_string"}}],"inLanguage":"en-US"},{"@type":"Organization","@id":"http:\/\/afrimvoe.net\/en\/#organization","name":"Afrimvoe M\u00e9dical","url":"http:\/\/afrimvoe.net\/en\/","logo":{"@type":"ImageObject","inLanguage":"en-US","@id":"http:\/\/afrimvoe.net\/en\/#\/schema\/logo\/image\/","url":"https:\/\/afrimvoe.net\/wp-content\/uploads\/2021\/12\/cropped-Capture-decran-2023-09-20-125425.png","contentUrl":"https:\/\/afrimvoe.net\/wp-content\/uploads\/2021\/12\/cropped-Capture-decran-2023-09-20-125425.png","width":148,"height":148,"caption":"Afrimvoe M\u00e9dical"},"image":{"@id":"http:\/\/afrimvoe.net\/en\/#\/schema\/logo\/image\/"}},{"@type":"Person","@id":"http:\/\/afrimvoe.net\/en\/#\/schema\/person\/999cf2859139c68c600f61458d1046a3","name":"afmed","image":{"@type":"ImageObject","inLanguage":"en-US","@id":"http:\/\/afrimvoe.net\/en\/#\/schema\/person\/image\/","url":"https:\/\/secure.gravatar.com\/avatar\/8c65b3b16c3754091446a3eb65c478605533bfeb88f70d2be64d4046ed189955?s=96&d=mm&r=g","contentUrl":"https:\/\/secure.gravatar.com\/avatar\/8c65b3b16c3754091446a3eb65c478605533bfeb88f70d2be64d4046ed189955?s=96&d=mm&r=g","caption":"afmed"},"description":"Samuel Nko'o Amvene. Professor of Clinical Radiology; Director, Afrimvoe Medical Services; Consultant Radiologist, The Yaounde University Teaching Hospital","sameAs":["http:\/\/afrimvoe.net","https:\/\/web.facebook.com\/profile.php?id=61551157904498#:~:text=Editcoverphoto-,HealthResearchinAfrica,-5likes"],"url":"https:\/\/afrimvoe.net\/en\/author\/afmed\/"}]}},"_links":{"self":[{"href":"https:\/\/afrimvoe.net\/en\/wp-json\/wp\/v2\/posts\/466","targetHints":{"allow":["GET"]}}],"collection":[{"href":"https:\/\/afrimvoe.net\/en\/wp-json\/wp\/v2\/posts"}],"about":[{"href":"https:\/\/afrimvoe.net\/en\/wp-json\/wp\/v2\/types\/post"}],"author":[{"embeddable":true,"href":"https:\/\/afrimvoe.net\/en\/wp-json\/wp\/v2\/users\/1"}],"replies":[{"embeddable":true,"href":"https:\/\/afrimvoe.net\/en\/wp-json\/wp\/v2\/comments?post=466"}],"version-history":[{"count":1,"href":"https:\/\/afrimvoe.net\/en\/wp-json\/wp\/v2\/posts\/466\/revisions"}],"predecessor-version":[{"id":470,"href":"https:\/\/afrimvoe.net\/en\/wp-json\/wp\/v2\/posts\/466\/revisions\/470"}],"wp:featuredmedia":[{"embeddable":true,"href":"https:\/\/afrimvoe.net\/en\/wp-json\/wp\/v2\/media\/469"}],"wp:attachment":[{"href":"https:\/\/afrimvoe.net\/en\/wp-json\/wp\/v2\/media?parent=466"}],"wp:term":[{"taxonomy":"category","embeddable":true,"href":"https:\/\/afrimvoe.net\/en\/wp-json\/wp\/v2\/categories?post=466"},{"taxonomy":"post_tag","embeddable":true,"href":"https:\/\/afrimvoe.net\/en\/wp-json\/wp\/v2\/tags?post=466"}],"curies":[{"name":"wp","href":"https:\/\/api.w.org\/{rel}","templated":true}]}}