{"id":661,"date":"2025-10-21T03:15:24","date_gmt":"2025-10-21T02:15:24","guid":{"rendered":"https:\/\/afrimvoe.net\/?p=661"},"modified":"2025-10-21T03:17:40","modified_gmt":"2025-10-21T02:17:40","slug":"retour-en-images-le-pr-nkoo-amvene-samuel-a-liut-fotso-victor-de-bandjoun-pour-le-concours-dentree-2025","status":"publish","type":"post","link":"http:\/\/afrimvoe.net\/en\/retour-en-images-le-pr-nkoo-amvene-samuel-a-liut-fotso-victor-de-bandjoun-pour-le-concours-dentree-2025\/","title":{"rendered":"A look back in pictures: Professor Nko\u2019o Amvene Samuel at the Fotso Victor University Institute of Technology in Bandjoun for the 2025 entrance examination"},"content":{"rendered":"<p>On 2 September, our Director chaired the selection panel for the future intake at the IUT. The event was marked by an elegant tribute to Bamileke culture and a renewed commitment to training talented individuals.<\/p>\n\n\n\n<p>Tuesday, 2 September 2025 will remain a significant date in the partnership between Afrimvoe Medical Services and the Cameroonian academic world. On that day, the&nbsp;<strong>Professor Nko\u2019o Amvene Samuel, Director of the Afrimvoe Medical Centre<\/strong>, visited the Fotso Victor University Institute of Technology in Bandjoun to chair the entrance examination board.<\/p>\n\n\n\n<p>For this mission to select future senior technicians, Professor Nko'o Amvene Samuel made the symbolic and powerful choice to wear a&nbsp;<strong>splendide tenue traditionnelle bamil\u00e9k\u00e9<\/strong>This initiative, which went far beyond a simple dress code, was a gesture of honour and respect towards guests in the region, demonstrating our institution's deep cultural roots.<\/p>\n\n\n\n<p>Sa pr\u00e9sence \u00e0 la t\u00eate de ce jury d&rsquo;exception souligne l&rsquo;importance qu&rsquo;Afrimvoe Medical Services accorde \u00e0 la formation initiale des futurs acteurs du secteur de la sant\u00e9. Participer \u00e0 la s\u00e9lection des \u00e9tudiants, c&rsquo;est contribuer \u00e0 jeter les bases d&rsquo;un syst\u00e8me de sant\u00e9 camerounais plus performant et plus innovant.<\/p>\n\n\n\n<p>L&rsquo;\u00e9v\u00e9nement, qui s&rsquo;est d\u00e9roul\u00e9 en pr\u00e9sence du&nbsp;<strong>Directeur de l&rsquo;IUT<\/strong>&nbsp;et du&nbsp;<strong>repr\u00e9sentant du Ministre<\/strong>, a \u00e9t\u00e9 marqu\u00e9 par des \u00e9changes fructueux sur les besoins du march\u00e9 et les comp\u00e9tences de demain. Les discussions ont permis de renforcer les liens entre notre cabinet et cette institution formatrice de premier plan.<\/p>\n\n\n\n<p><strong>En savoir plus sur notre engagement :<\/strong><br>La participation active de notre Directeur \u00e0 de tels jurys n&rsquo;est pas un fait isol\u00e9. Elle s&rsquo;inscrit dans la politique globale d&rsquo;Afrimvoe Medical Services visant \u00e0 soutenir l&rsquo;excellence acad\u00e9mique et \u00e0 accompagner l&rsquo;\u00e9mergence de la rel\u00e8ve m\u00e9dicale et technologique au Cameroun. Nous croyons que l&rsquo;expertise de nos leaders doit servir \u00e0 inspirer et \u00e0 s\u00e9lectionner les talents qui fa\u00e7onneront l&rsquo;avenir.<\/p>\n\n\n\n<p><strong>Conclusion :<\/strong><br>Afrimvoe Medical Services est fier de partager avec vous les images de ce moment riche en symboles et en perspectives.<\/p>\n\n\n\n\n\n<figure class=\"wp-block-gallery has-nested-images columns-default is-cropped wp-block-gallery-1 is-layout-flex wp-block-gallery-is-layout-flex\">\n<figure class=\"wp-block-image size-large\"><img loading=\"lazy\" decoding=\"async\" width=\"1024\" height=\"768\" data-id=\"665\" src=\"https:\/\/afrimvoe.net\/wp-content\/uploads\/2025\/10\/IMG-20250902-WA0016-1024x768.jpg\" alt=\"\" class=\"wp-image-665\" srcset=\"http:\/\/afrimvoe.net\/wp-content\/uploads\/2025\/10\/IMG-20250902-WA0016-1024x768.jpg 1024w, http:\/\/afrimvoe.net\/wp-content\/uploads\/2025\/10\/IMG-20250902-WA0016-300x225.jpg 300w, http:\/\/afrimvoe.net\/wp-content\/uploads\/2025\/10\/IMG-20250902-WA0016-768x576.jpg 768w, http:\/\/afrimvoe.net\/wp-content\/uploads\/2025\/10\/IMG-20250902-WA0016-1536x1152.jpg 1536w, http:\/\/afrimvoe.net\/wp-content\/uploads\/2025\/10\/IMG-20250902-WA0016-2048x1536.jpg 2048w, http:\/\/afrimvoe.net\/wp-content\/uploads\/2025\/10\/IMG-20250902-WA0016-16x12.jpg 16w\" sizes=\"auto, (max-width: 1024px) 100vw, 1024px\" \/><\/figure>\n\n\n\n<figure class=\"wp-block-image size-large\"><img loading=\"lazy\" decoding=\"async\" width=\"563\" height=\"1000\" data-id=\"666\" src=\"https:\/\/afrimvoe.net\/wp-content\/uploads\/2025\/10\/WhatsApp-Image-2025-10-20-a-17.33.26_e8133c0e.jpg\" alt=\"\" class=\"wp-image-666\" srcset=\"http:\/\/afrimvoe.net\/wp-content\/uploads\/2025\/10\/WhatsApp-Image-2025-10-20-a-17.33.26_e8133c0e.jpg 563w, http:\/\/afrimvoe.net\/wp-content\/uploads\/2025\/10\/WhatsApp-Image-2025-10-20-a-17.33.26_e8133c0e-169x300.jpg 169w, http:\/\/afrimvoe.net\/wp-content\/uploads\/2025\/10\/WhatsApp-Image-2025-10-20-a-17.33.26_e8133c0e-7x12.jpg 7w\" sizes=\"auto, (max-width: 563px) 100vw, 563px\" \/><\/figure>\n\n\n\n<figure class=\"wp-block-image size-large\"><img loading=\"lazy\" decoding=\"async\" width=\"563\" height=\"1000\" data-id=\"667\" src=\"https:\/\/afrimvoe.net\/wp-content\/uploads\/2025\/10\/WhatsApp-Image-2025-10-20-a-17.33.44_abe022a7.jpg\" alt=\"\" class=\"wp-image-667\" srcset=\"http:\/\/afrimvoe.net\/wp-content\/uploads\/2025\/10\/WhatsApp-Image-2025-10-20-a-17.33.44_abe022a7.jpg 563w, http:\/\/afrimvoe.net\/wp-content\/uploads\/2025\/10\/WhatsApp-Image-2025-10-20-a-17.33.44_abe022a7-169x300.jpg 169w, http:\/\/afrimvoe.net\/wp-content\/uploads\/2025\/10\/WhatsApp-Image-2025-10-20-a-17.33.44_abe022a7-7x12.jpg 7w\" sizes=\"auto, (max-width: 563px) 100vw, 563px\" \/><\/figure>\n\n\n\n<figure class=\"wp-block-image size-large\"><img loading=\"lazy\" decoding=\"async\" width=\"768\" height=\"1024\" data-id=\"662\" src=\"https:\/\/afrimvoe.net\/wp-content\/uploads\/2025\/10\/IMG-20250902-WA0002-768x1024.jpg\" alt=\"\" class=\"wp-image-662\" srcset=\"http:\/\/afrimvoe.net\/wp-content\/uploads\/2025\/10\/IMG-20250902-WA0002-768x1024.jpg 768w, http:\/\/afrimvoe.net\/wp-content\/uploads\/2025\/10\/IMG-20250902-WA0002-225x300.jpg 225w, http:\/\/afrimvoe.net\/wp-content\/uploads\/2025\/10\/IMG-20250902-WA0002-1152x1536.jpg 1152w, http:\/\/afrimvoe.net\/wp-content\/uploads\/2025\/10\/IMG-20250902-WA0002-1536x2048.jpg 1536w, http:\/\/afrimvoe.net\/wp-content\/uploads\/2025\/10\/IMG-20250902-WA0002-9x12.jpg 9w, http:\/\/afrimvoe.net\/wp-content\/uploads\/2025\/10\/IMG-20250902-WA0002.jpg 1920w\" sizes=\"auto, (max-width: 768px) 100vw, 768px\" \/><\/figure>\n\n\n\n<figure class=\"wp-block-image size-large\"><img loading=\"lazy\" decoding=\"async\" width=\"1024\" height=\"768\" data-id=\"663\" src=\"https:\/\/afrimvoe.net\/wp-content\/uploads\/2025\/10\/IMG-20250902-WA0006-1024x768.jpg\" alt=\"\" class=\"wp-image-663\" srcset=\"http:\/\/afrimvoe.net\/wp-content\/uploads\/2025\/10\/IMG-20250902-WA0006-1024x768.jpg 1024w, http:\/\/afrimvoe.net\/wp-content\/uploads\/2025\/10\/IMG-20250902-WA0006-300x225.jpg 300w, http:\/\/afrimvoe.net\/wp-content\/uploads\/2025\/10\/IMG-20250902-WA0006-768x576.jpg 768w, http:\/\/afrimvoe.net\/wp-content\/uploads\/2025\/10\/IMG-20250902-WA0006-1536x1152.jpg 1536w, http:\/\/afrimvoe.net\/wp-content\/uploads\/2025\/10\/IMG-20250902-WA0006-2048x1536.jpg 2048w, http:\/\/afrimvoe.net\/wp-content\/uploads\/2025\/10\/IMG-20250902-WA0006-16x12.jpg 16w\" sizes=\"auto, (max-width: 1024px) 100vw, 1024px\" \/><\/figure>\n<\/figure>","protected":false},"excerpt":{"rendered":"<p>Le 02 septembre dernier, notre Directeur pr\u00e9sidait le jury de s\u00e9lection de la future promotion de l&rsquo;IUT. Un \u00e9v\u00e9nement marqu\u00e9 par un hommage \u00e9l\u00e9gant \u00e0 la culture bamil\u00e9k\u00e9 et un engagement renouvel\u00e9 pour la formation des talents. Le mardi 02 septembre 2025 restera une date significative dans le partenariat entre Afrimvoe Medical Services et le [&#8230;]<\/p>\n<p><a class=\"btn btn-secondary understrap-read-more-link\" href=\"http:\/\/afrimvoe.net\/en\/retour-en-images-le-pr-nkoo-amvene-samuel-a-liut-fotso-victor-de-bandjoun-pour-le-concours-dentree-2025\/\">Read More&#8230;<\/a><\/p>","protected":false},"author":1,"featured_media":664,"comment_status":"open","ping_status":"open","sticky":false,"template":"","format":"standard","meta":{"footnotes":""},"categories":[40,1],"tags":[62,64,65,63],"class_list":["post-661","post","type-post","status-publish","format-standard","has-post-thumbnail","hentry","category-evenement","category-non-classe","tag-academie","tag-directeur","tag-iut","tag-presidence-de-jury"],"yoast_head":"<!-- This site is optimized with the Yoast SEO plugin v24.4 - https:\/\/yoast.com\/wordpress\/plugins\/seo\/ -->\n<title>Retour en images : le Pr Nko&#039;o Amvene Samuel \u00e0 l&#039;IUT Fotso Victor de Bandjoun pour le concours d&#039;entr\u00e9e 2025 - Afrimvoe M\u00e9dical<\/title>\n<meta name=\"robots\" content=\"index, follow, max-snippet:-1, max-image-preview:large, max-video-preview:-1\" \/>\n<link rel=\"canonical\" href=\"http:\/\/afrimvoe.net\/en\/retour-en-images-le-pr-nkoo-amvene-samuel-a-liut-fotso-victor-de-bandjoun-pour-le-concours-dentree-2025\/\" \/>\n<meta property=\"og:locale\" content=\"en_US\" \/>\n<meta property=\"og:type\" content=\"article\" \/>\n<meta property=\"og:title\" content=\"Retour en images : le Pr Nko&#039;o Amvene Samuel \u00e0 l&#039;IUT Fotso Victor de Bandjoun pour le concours d&#039;entr\u00e9e 2025 - Afrimvoe M\u00e9dical\" \/>\n<meta property=\"og:description\" content=\"Le 02 septembre dernier, notre Directeur pr\u00e9sidait le jury de s\u00e9lection de la future promotion de l&rsquo;IUT. Un \u00e9v\u00e9nement marqu\u00e9 par un hommage \u00e9l\u00e9gant \u00e0 la culture bamil\u00e9k\u00e9 et un engagement renouvel\u00e9 pour la formation des talents. Le mardi 02 septembre 2025 restera une date significative dans le partenariat entre Afrimvoe Medical Services et le [...]Read More...\" \/>\n<meta property=\"og:url\" content=\"http:\/\/afrimvoe.net\/en\/retour-en-images-le-pr-nkoo-amvene-samuel-a-liut-fotso-victor-de-bandjoun-pour-le-concours-dentree-2025\/\" \/>\n<meta property=\"og:site_name\" content=\"Afrimvoe M\u00e9dical\" \/>\n<meta property=\"article:author\" content=\"https:\/\/web.facebook.com\/profile.php?id=61551157904498#:~:text=Editcoverphoto-,HealthResearchinAfrica,-5likes\" \/>\n<meta property=\"article:published_time\" content=\"2025-10-21T02:15:24+00:00\" \/>\n<meta property=\"article:modified_time\" content=\"2025-10-21T02:17:40+00:00\" \/>\n<meta property=\"og:image\" content=\"http:\/\/afrimvoe.net\/wp-content\/uploads\/2025\/10\/IMG-20250902-WA0013.jpg\" \/>\n\t<meta property=\"og:image:width\" content=\"2560\" \/>\n\t<meta property=\"og:image:height\" content=\"1920\" \/>\n\t<meta property=\"og:image:type\" content=\"image\/jpeg\" \/>\n<meta name=\"author\" content=\"afmed\" \/>\n<meta name=\"twitter:card\" content=\"summary_large_image\" \/>\n<meta name=\"twitter:label1\" content=\"Written by\" \/>\n\t<meta name=\"twitter:data1\" content=\"afmed\" \/>\n\t<meta name=\"twitter:label2\" content=\"Est. reading time\" \/>\n\t<meta name=\"twitter:data2\" content=\"4 minutes\" \/>\n<script type=\"application\/ld+json\" class=\"yoast-schema-graph\">{\"@context\":\"https:\/\/schema.org\",\"@graph\":[{\"@type\":\"Article\",\"@id\":\"http:\/\/afrimvoe.net\/retour-en-images-le-pr-nkoo-amvene-samuel-a-liut-fotso-victor-de-bandjoun-pour-le-concours-dentree-2025\/#article\",\"isPartOf\":{\"@id\":\"http:\/\/afrimvoe.net\/retour-en-images-le-pr-nkoo-amvene-samuel-a-liut-fotso-victor-de-bandjoun-pour-le-concours-dentree-2025\/\"},\"author\":{\"name\":\"afmed\",\"@id\":\"https:\/\/afrimvoe.net\/#\/schema\/person\/999cf2859139c68c600f61458d1046a3\"},\"headline\":\"Retour en images : le Pr Nko&rsquo;o Amvene Samuel \u00e0 l&rsquo;IUT Fotso Victor de Bandjoun pour le concours d&rsquo;entr\u00e9e 2025\",\"datePublished\":\"2025-10-21T02:15:24+00:00\",\"dateModified\":\"2025-10-21T02:17:40+00:00\",\"mainEntityOfPage\":{\"@id\":\"http:\/\/afrimvoe.net\/retour-en-images-le-pr-nkoo-amvene-samuel-a-liut-fotso-victor-de-bandjoun-pour-le-concours-dentree-2025\/\"},\"wordCount\":395,\"commentCount\":0,\"publisher\":{\"@id\":\"https:\/\/afrimvoe.net\/#organization\"},\"image\":{\"@id\":\"http:\/\/afrimvoe.net\/retour-en-images-le-pr-nkoo-amvene-samuel-a-liut-fotso-victor-de-bandjoun-pour-le-concours-dentree-2025\/#primaryimage\"},\"thumbnailUrl\":\"http:\/\/afrimvoe.net\/wp-content\/uploads\/2025\/10\/IMG-20250902-WA0013.jpg\",\"keywords\":[\"Acad\u00e9mie\",\"Directeur\",\"IUT\",\"Pr\u00e9sidence de jury\"],\"articleSection\":[\"Evenement\",\"Non class\u00e9\"],\"inLanguage\":\"en-US\",\"potentialAction\":[{\"@type\":\"CommentAction\",\"name\":\"Comment\",\"target\":[\"http:\/\/afrimvoe.net\/retour-en-images-le-pr-nkoo-amvene-samuel-a-liut-fotso-victor-de-bandjoun-pour-le-concours-dentree-2025\/#respond\"]}]},{\"@type\":\"WebPage\",\"@id\":\"http:\/\/afrimvoe.net\/retour-en-images-le-pr-nkoo-amvene-samuel-a-liut-fotso-victor-de-bandjoun-pour-le-concours-dentree-2025\/\",\"url\":\"http:\/\/afrimvoe.net\/retour-en-images-le-pr-nkoo-amvene-samuel-a-liut-fotso-victor-de-bandjoun-pour-le-concours-dentree-2025\/\",\"name\":\"Retour en images : le Pr Nko'o Amvene Samuel \u00e0 l'IUT Fotso Victor de Bandjoun pour le concours d'entr\u00e9e 2025 - Afrimvoe M\u00e9dical\",\"isPartOf\":{\"@id\":\"https:\/\/afrimvoe.net\/#website\"},\"primaryImageOfPage\":{\"@id\":\"http:\/\/afrimvoe.net\/retour-en-images-le-pr-nkoo-amvene-samuel-a-liut-fotso-victor-de-bandjoun-pour-le-concours-dentree-2025\/#primaryimage\"},\"image\":{\"@id\":\"http:\/\/afrimvoe.net\/retour-en-images-le-pr-nkoo-amvene-samuel-a-liut-fotso-victor-de-bandjoun-pour-le-concours-dentree-2025\/#primaryimage\"},\"thumbnailUrl\":\"http:\/\/afrimvoe.net\/wp-content\/uploads\/2025\/10\/IMG-20250902-WA0013.jpg\",\"datePublished\":\"2025-10-21T02:15:24+00:00\",\"dateModified\":\"2025-10-21T02:17:40+00:00\",\"breadcrumb\":{\"@id\":\"http:\/\/afrimvoe.net\/retour-en-images-le-pr-nkoo-amvene-samuel-a-liut-fotso-victor-de-bandjoun-pour-le-concours-dentree-2025\/#breadcrumb\"},\"inLanguage\":\"en-US\",\"potentialAction\":[{\"@type\":\"ReadAction\",\"target\":[\"http:\/\/afrimvoe.net\/retour-en-images-le-pr-nkoo-amvene-samuel-a-liut-fotso-victor-de-bandjoun-pour-le-concours-dentree-2025\/\"]}]},{\"@type\":\"ImageObject\",\"inLanguage\":\"en-US\",\"@id\":\"http:\/\/afrimvoe.net\/retour-en-images-le-pr-nkoo-amvene-samuel-a-liut-fotso-victor-de-bandjoun-pour-le-concours-dentree-2025\/#primaryimage\",\"url\":\"http:\/\/afrimvoe.net\/wp-content\/uploads\/2025\/10\/IMG-20250902-WA0013.jpg\",\"contentUrl\":\"http:\/\/afrimvoe.net\/wp-content\/uploads\/2025\/10\/IMG-20250902-WA0013.jpg\",\"width\":2560,\"height\":1920},{\"@type\":\"BreadcrumbList\",\"@id\":\"http:\/\/afrimvoe.net\/retour-en-images-le-pr-nkoo-amvene-samuel-a-liut-fotso-victor-de-bandjoun-pour-le-concours-dentree-2025\/#breadcrumb\",\"itemListElement\":[{\"@type\":\"ListItem\",\"position\":1,\"name\":\"Accueil\",\"item\":\"https:\/\/afrimvoe.net\/\"},{\"@type\":\"ListItem\",\"position\":2,\"name\":\"Retour en images : le Pr Nko&rsquo;o Amvene Samuel \u00e0 l&rsquo;IUT Fotso Victor de Bandjoun pour le concours d&rsquo;entr\u00e9e 2025\"}]},{\"@type\":\"WebSite\",\"@id\":\"https:\/\/afrimvoe.net\/#website\",\"url\":\"https:\/\/afrimvoe.net\/\",\"name\":\"Afrimvoe M\u00e9dical\",\"description\":\"Sciences, Conscience, Exp\u00e9rience et Puissance des TIC au Service de Votre Sant\u00e9\",\"publisher\":{\"@id\":\"https:\/\/afrimvoe.net\/#organization\"},\"potentialAction\":[{\"@type\":\"SearchAction\",\"target\":{\"@type\":\"EntryPoint\",\"urlTemplate\":\"https:\/\/afrimvoe.net\/?s={search_term_string}\"},\"query-input\":{\"@type\":\"PropertyValueSpecification\",\"valueRequired\":true,\"valueName\":\"search_term_string\"}}],\"inLanguage\":\"en-US\"},{\"@type\":\"Organization\",\"@id\":\"https:\/\/afrimvoe.net\/#organization\",\"name\":\"Afrimvoe M\u00e9dical\",\"url\":\"https:\/\/afrimvoe.net\/\",\"logo\":{\"@type\":\"ImageObject\",\"inLanguage\":\"en-US\",\"@id\":\"https:\/\/afrimvoe.net\/#\/schema\/logo\/image\/\",\"url\":\"http:\/\/afrimvoe.net\/wp-content\/uploads\/2021\/12\/cropped-Capture-decran-2023-09-20-125425.png\",\"contentUrl\":\"http:\/\/afrimvoe.net\/wp-content\/uploads\/2021\/12\/cropped-Capture-decran-2023-09-20-125425.png\",\"width\":148,\"height\":148,\"caption\":\"Afrimvoe M\u00e9dical\"},\"image\":{\"@id\":\"https:\/\/afrimvoe.net\/#\/schema\/logo\/image\/\"}},{\"@type\":\"Person\",\"@id\":\"https:\/\/afrimvoe.net\/#\/schema\/person\/999cf2859139c68c600f61458d1046a3\",\"name\":\"afmed\",\"image\":{\"@type\":\"ImageObject\",\"inLanguage\":\"en-US\",\"@id\":\"https:\/\/afrimvoe.net\/#\/schema\/person\/image\/\",\"url\":\"https:\/\/secure.gravatar.com\/avatar\/8c65b3b16c3754091446a3eb65c478605533bfeb88f70d2be64d4046ed189955?s=96&d=mm&r=g\",\"contentUrl\":\"https:\/\/secure.gravatar.com\/avatar\/8c65b3b16c3754091446a3eb65c478605533bfeb88f70d2be64d4046ed189955?s=96&d=mm&r=g\",\"caption\":\"afmed\"},\"description\":\"Samuel Nko'o Amvene. Professor of Clinical Radiology; Director, Afrimvoe Medical Services; Consultant Radiologist, The Yaounde University Teaching Hospital\",\"sameAs\":[\"http:\/\/afrimvoe.net\",\"https:\/\/web.facebook.com\/profile.php?id=61551157904498#:~:text=Editcoverphoto-,HealthResearchinAfrica,-5likes\"],\"url\":\"http:\/\/afrimvoe.net\/en\/author\/afmed\/\"}]}<\/script>\n<!-- \/ Yoast SEO plugin. -->","yoast_head_json":{"title":"Retour en images : le Pr Nko'o Amvene Samuel \u00e0 l'IUT Fotso Victor de Bandjoun pour le concours d'entr\u00e9e 2025 - Afrimvoe M\u00e9dical","robots":{"index":"index","follow":"follow","max-snippet":"max-snippet:-1","max-image-preview":"max-image-preview:large","max-video-preview":"max-video-preview:-1"},"canonical":"http:\/\/afrimvoe.net\/en\/retour-en-images-le-pr-nkoo-amvene-samuel-a-liut-fotso-victor-de-bandjoun-pour-le-concours-dentree-2025\/","og_locale":"en_US","og_type":"article","og_title":"Retour en images : le Pr Nko'o Amvene Samuel \u00e0 l'IUT Fotso Victor de Bandjoun pour le concours d'entr\u00e9e 2025 - Afrimvoe M\u00e9dical","og_description":"Le 02 septembre dernier, notre Directeur pr\u00e9sidait le jury de s\u00e9lection de la future promotion de l&rsquo;IUT. Un \u00e9v\u00e9nement marqu\u00e9 par un hommage \u00e9l\u00e9gant \u00e0 la culture bamil\u00e9k\u00e9 et un engagement renouvel\u00e9 pour la formation des talents. Le mardi 02 septembre 2025 restera une date significative dans le partenariat entre Afrimvoe Medical Services et le [...]Read More...","og_url":"http:\/\/afrimvoe.net\/en\/retour-en-images-le-pr-nkoo-amvene-samuel-a-liut-fotso-victor-de-bandjoun-pour-le-concours-dentree-2025\/","og_site_name":"Afrimvoe M\u00e9dical","article_author":"https:\/\/web.facebook.com\/profile.php?id=61551157904498#:~:text=Editcoverphoto-,HealthResearchinAfrica,-5likes","article_published_time":"2025-10-21T02:15:24+00:00","article_modified_time":"2025-10-21T02:17:40+00:00","og_image":[{"width":2560,"height":1920,"url":"http:\/\/afrimvoe.net\/wp-content\/uploads\/2025\/10\/IMG-20250902-WA0013.jpg","type":"image\/jpeg"}],"author":"afmed","twitter_card":"summary_large_image","twitter_misc":{"Written by":"afmed","Est. reading time":"4 minutes"},"schema":{"@context":"https:\/\/schema.org","@graph":[{"@type":"Article","@id":"http:\/\/afrimvoe.net\/retour-en-images-le-pr-nkoo-amvene-samuel-a-liut-fotso-victor-de-bandjoun-pour-le-concours-dentree-2025\/#article","isPartOf":{"@id":"http:\/\/afrimvoe.net\/retour-en-images-le-pr-nkoo-amvene-samuel-a-liut-fotso-victor-de-bandjoun-pour-le-concours-dentree-2025\/"},"author":{"name":"afmed","@id":"https:\/\/afrimvoe.net\/#\/schema\/person\/999cf2859139c68c600f61458d1046a3"},"headline":"Retour en images : le Pr Nko&rsquo;o Amvene Samuel \u00e0 l&rsquo;IUT Fotso Victor de Bandjoun pour le concours d&rsquo;entr\u00e9e 2025","datePublished":"2025-10-21T02:15:24+00:00","dateModified":"2025-10-21T02:17:40+00:00","mainEntityOfPage":{"@id":"http:\/\/afrimvoe.net\/retour-en-images-le-pr-nkoo-amvene-samuel-a-liut-fotso-victor-de-bandjoun-pour-le-concours-dentree-2025\/"},"wordCount":395,"commentCount":0,"publisher":{"@id":"https:\/\/afrimvoe.net\/#organization"},"image":{"@id":"http:\/\/afrimvoe.net\/retour-en-images-le-pr-nkoo-amvene-samuel-a-liut-fotso-victor-de-bandjoun-pour-le-concours-dentree-2025\/#primaryimage"},"thumbnailUrl":"http:\/\/afrimvoe.net\/wp-content\/uploads\/2025\/10\/IMG-20250902-WA0013.jpg","keywords":["Acad\u00e9mie","Directeur","IUT","Pr\u00e9sidence de jury"],"articleSection":["Evenement","Non class\u00e9"],"inLanguage":"en-US","potentialAction":[{"@type":"CommentAction","name":"Comment","target":["http:\/\/afrimvoe.net\/retour-en-images-le-pr-nkoo-amvene-samuel-a-liut-fotso-victor-de-bandjoun-pour-le-concours-dentree-2025\/#respond"]}]},{"@type":"WebPage","@id":"http:\/\/afrimvoe.net\/retour-en-images-le-pr-nkoo-amvene-samuel-a-liut-fotso-victor-de-bandjoun-pour-le-concours-dentree-2025\/","url":"http:\/\/afrimvoe.net\/retour-en-images-le-pr-nkoo-amvene-samuel-a-liut-fotso-victor-de-bandjoun-pour-le-concours-dentree-2025\/","name":"Retour en images : le Pr Nko'o Amvene Samuel \u00e0 l'IUT Fotso Victor de Bandjoun pour le concours d'entr\u00e9e 2025 - Afrimvoe M\u00e9dical","isPartOf":{"@id":"https:\/\/afrimvoe.net\/#website"},"primaryImageOfPage":{"@id":"http:\/\/afrimvoe.net\/retour-en-images-le-pr-nkoo-amvene-samuel-a-liut-fotso-victor-de-bandjoun-pour-le-concours-dentree-2025\/#primaryimage"},"image":{"@id":"http:\/\/afrimvoe.net\/retour-en-images-le-pr-nkoo-amvene-samuel-a-liut-fotso-victor-de-bandjoun-pour-le-concours-dentree-2025\/#primaryimage"},"thumbnailUrl":"http:\/\/afrimvoe.net\/wp-content\/uploads\/2025\/10\/IMG-20250902-WA0013.jpg","datePublished":"2025-10-21T02:15:24+00:00","dateModified":"2025-10-21T02:17:40+00:00","breadcrumb":{"@id":"http:\/\/afrimvoe.net\/retour-en-images-le-pr-nkoo-amvene-samuel-a-liut-fotso-victor-de-bandjoun-pour-le-concours-dentree-2025\/#breadcrumb"},"inLanguage":"en-US","potentialAction":[{"@type":"ReadAction","target":["http:\/\/afrimvoe.net\/retour-en-images-le-pr-nkoo-amvene-samuel-a-liut-fotso-victor-de-bandjoun-pour-le-concours-dentree-2025\/"]}]},{"@type":"ImageObject","inLanguage":"en-US","@id":"http:\/\/afrimvoe.net\/retour-en-images-le-pr-nkoo-amvene-samuel-a-liut-fotso-victor-de-bandjoun-pour-le-concours-dentree-2025\/#primaryimage","url":"http:\/\/afrimvoe.net\/wp-content\/uploads\/2025\/10\/IMG-20250902-WA0013.jpg","contentUrl":"http:\/\/afrimvoe.net\/wp-content\/uploads\/2025\/10\/IMG-20250902-WA0013.jpg","width":2560,"height":1920},{"@type":"BreadcrumbList","@id":"http:\/\/afrimvoe.net\/retour-en-images-le-pr-nkoo-amvene-samuel-a-liut-fotso-victor-de-bandjoun-pour-le-concours-dentree-2025\/#breadcrumb","itemListElement":[{"@type":"ListItem","position":1,"name":"Accueil","item":"https:\/\/afrimvoe.net\/"},{"@type":"ListItem","position":2,"name":"Retour en images : le Pr Nko&rsquo;o Amvene Samuel \u00e0 l&rsquo;IUT Fotso Victor de Bandjoun pour le concours d&rsquo;entr\u00e9e 2025"}]},{"@type":"WebSite","@id":"https:\/\/afrimvoe.net\/#website","url":"https:\/\/afrimvoe.net\/","name":"Afrimvoe M\u00e9dical","description":"Sciences, Conscience, Exp\u00e9rience et Puissance des TIC au Service de Votre Sant\u00e9","publisher":{"@id":"https:\/\/afrimvoe.net\/#organization"},"potentialAction":[{"@type":"SearchAction","target":{"@type":"EntryPoint","urlTemplate":"https:\/\/afrimvoe.net\/?s={search_term_string}"},"query-input":{"@type":"PropertyValueSpecification","valueRequired":true,"valueName":"search_term_string"}}],"inLanguage":"en-US"},{"@type":"Organization","@id":"https:\/\/afrimvoe.net\/#organization","name":"Afrimvoe M\u00e9dical","url":"https:\/\/afrimvoe.net\/","logo":{"@type":"ImageObject","inLanguage":"en-US","@id":"https:\/\/afrimvoe.net\/#\/schema\/logo\/image\/","url":"http:\/\/afrimvoe.net\/wp-content\/uploads\/2021\/12\/cropped-Capture-decran-2023-09-20-125425.png","contentUrl":"http:\/\/afrimvoe.net\/wp-content\/uploads\/2021\/12\/cropped-Capture-decran-2023-09-20-125425.png","width":148,"height":148,"caption":"Afrimvoe M\u00e9dical"},"image":{"@id":"https:\/\/afrimvoe.net\/#\/schema\/logo\/image\/"}},{"@type":"Person","@id":"https:\/\/afrimvoe.net\/#\/schema\/person\/999cf2859139c68c600f61458d1046a3","name":"afmed","image":{"@type":"ImageObject","inLanguage":"en-US","@id":"https:\/\/afrimvoe.net\/#\/schema\/person\/image\/","url":"https:\/\/secure.gravatar.com\/avatar\/8c65b3b16c3754091446a3eb65c478605533bfeb88f70d2be64d4046ed189955?s=96&d=mm&r=g","contentUrl":"https:\/\/secure.gravatar.com\/avatar\/8c65b3b16c3754091446a3eb65c478605533bfeb88f70d2be64d4046ed189955?s=96&d=mm&r=g","caption":"afmed"},"description":"Samuel Nko'o Amvene. Professor of Clinical Radiology; Director, Afrimvoe Medical Services; Consultant Radiologist, The Yaounde University Teaching Hospital","sameAs":["http:\/\/afrimvoe.net","https:\/\/web.facebook.com\/profile.php?id=61551157904498#:~:text=Editcoverphoto-,HealthResearchinAfrica,-5likes"],"url":"http:\/\/afrimvoe.net\/en\/author\/afmed\/"}]}},"_links":{"self":[{"href":"http:\/\/afrimvoe.net\/en\/wp-json\/wp\/v2\/posts\/661","targetHints":{"allow":["GET"]}}],"collection":[{"href":"http:\/\/afrimvoe.net\/en\/wp-json\/wp\/v2\/posts"}],"about":[{"href":"http:\/\/afrimvoe.net\/en\/wp-json\/wp\/v2\/types\/post"}],"author":[{"embeddable":true,"href":"http:\/\/afrimvoe.net\/en\/wp-json\/wp\/v2\/users\/1"}],"replies":[{"embeddable":true,"href":"http:\/\/afrimvoe.net\/en\/wp-json\/wp\/v2\/comments?post=661"}],"version-history":[{"count":1,"href":"http:\/\/afrimvoe.net\/en\/wp-json\/wp\/v2\/posts\/661\/revisions"}],"predecessor-version":[{"id":668,"href":"http:\/\/afrimvoe.net\/en\/wp-json\/wp\/v2\/posts\/661\/revisions\/668"}],"wp:featuredmedia":[{"embeddable":true,"href":"http:\/\/afrimvoe.net\/en\/wp-json\/wp\/v2\/media\/664"}],"wp:attachment":[{"href":"http:\/\/afrimvoe.net\/en\/wp-json\/wp\/v2\/media?parent=661"}],"wp:term":[{"taxonomy":"category","embeddable":true,"href":"http:\/\/afrimvoe.net\/en\/wp-json\/wp\/v2\/categories?post=661"},{"taxonomy":"post_tag","embeddable":true,"href":"http:\/\/afrimvoe.net\/en\/wp-json\/wp\/v2\/tags?post=661"}],"curies":[{"name":"wp","href":"https:\/\/api.w.org\/{rel}","templated":true}]}}