{"id":332,"date":"2023-11-17T20:52:12","date_gmt":"2023-11-17T19:52:12","guid":{"rendered":"https:\/\/afrimvoe.net\/?p=332"},"modified":"2023-11-17T20:52:14","modified_gmt":"2023-11-17T19:52:14","slug":"prematures-journee-mondiale","status":"publish","type":"post","link":"http:\/\/afrimvoe.net\/en\/prematures-journee-mondiale\/","title":{"rendered":"Journ\u00e9e Mondiale des Pr\u00e9matur\u00e9s!"},"content":{"rendered":"<p class=\"has-medium-font-size\"><strong>Aujourd&rsquo;hui 17 Novembre 2023 est la journ\u00e9e mondiale de la Pr\u00e9maturit\u00e9 <\/strong><\/p>\n\n\n\n<p class=\"has-medium-font-size\">dont le th\u00e8me est: <strong>Petits gestes, immense impact!<\/strong><\/p>\n\n\n\n<p class=\"has-medium-font-size\">Nous vous encourageons <strong>Mamans \u00e0 prot\u00e9ger vos b\u00e9b\u00e9s.<\/strong> <\/p>\n\n\n\n<p class=\"has-medium-font-size\"><strong>Faites vous suivre par un m\u00e9decin<\/strong> de mani\u00e8re stricte, rigoureuse et r\u00e9guli\u00e8re.<\/p>\n\n\n\n<p class=\"has-medium-font-size\">Ayez une <strong>alimentation saine et \u00e9quilibr\u00e9e<\/strong>, <\/p>\n\n\n\n<p class=\"has-medium-font-size\"><strong>Evitez les substances psychoactives<\/strong> telles que le tabac, l&rsquo;alcool, les drogues et bien d&rsquo;autres.<\/p>\n\n\n\n<p class=\"has-medium-font-size\"> <strong>Contactez nous<\/strong> si vous souhaitez rencontrer un gyn\u00e9cologue, un p\u00e9diatre ou tout autre sp\u00e9cialiste. <\/p>\n\n\n\n<p class=\"has-medium-font-size\"><strong>Afrimvoe Medical Services , Excellence et D\u00e9vouement dans la prise en charge des patients<\/strong><\/p>\n\n\n\n<figure class=\"wp-block-image size-large\"><img loading=\"lazy\" decoding=\"async\" width=\"724\" height=\"1024\" src=\"http:\/\/afrimvoe.net\/wp-content\/uploads\/2023\/11\/Journee-mondiale-de-lutte-contre-le-diabete-3-724x1024.png\" alt=\"\" class=\"wp-image-333\" srcset=\"http:\/\/afrimvoe.net\/wp-content\/uploads\/2023\/11\/Journee-mondiale-de-lutte-contre-le-diabete-3-724x1024.png 724w, http:\/\/afrimvoe.net\/wp-content\/uploads\/2023\/11\/Journee-mondiale-de-lutte-contre-le-diabete-3-212x300.png 212w, http:\/\/afrimvoe.net\/wp-content\/uploads\/2023\/11\/Journee-mondiale-de-lutte-contre-le-diabete-3-768x1086.png 768w, http:\/\/afrimvoe.net\/wp-content\/uploads\/2023\/11\/Journee-mondiale-de-lutte-contre-le-diabete-3-1086x1536.png 1086w, http:\/\/afrimvoe.net\/wp-content\/uploads\/2023\/11\/Journee-mondiale-de-lutte-contre-le-diabete-3-8x12.png 8w, http:\/\/afrimvoe.net\/wp-content\/uploads\/2023\/11\/Journee-mondiale-de-lutte-contre-le-diabete-3.png 1414w\" sizes=\"auto, (max-width: 724px) 100vw, 724px\" \/><\/figure>","protected":false},"excerpt":{"rendered":"<p>Aujourd&rsquo;hui 17 Novembre 2023 est la journ\u00e9e mondiale de la Pr\u00e9maturit\u00e9 dont le th\u00e8me est: Petits gestes, immense impact! Nous vous encourageons Mamans \u00e0 prot\u00e9ger vos b\u00e9b\u00e9s. Faites vous suivre par un m\u00e9decin de mani\u00e8re stricte, rigoureuse et r\u00e9guli\u00e8re. Ayez une alimentation saine et \u00e9quilibr\u00e9e, Evitez les substances psychoactives telles que le tabac, l&rsquo;alcool, les [&#8230;]<\/p>\n<p><a class=\"btn btn-secondary understrap-read-more-link\" href=\"http:\/\/afrimvoe.net\/en\/prematures-journee-mondiale\/\">Read More&#8230;<\/a><\/p>","protected":false},"author":1,"featured_media":334,"comment_status":"open","ping_status":"open","sticky":false,"template":"","format":"standard","meta":{"footnotes":""},"categories":[11],"tags":[12],"class_list":["post-332","post","type-post","status-publish","format-standard","has-post-thumbnail","hentry","category-journee-mondiale","tag-journee-mondiale"],"yoast_head":"<!-- This site is optimized with the Yoast SEO plugin v24.4 - https:\/\/yoast.com\/wordpress\/plugins\/seo\/ -->\n<title>Journ\u00e9e Mondiale des Pr\u00e9matur\u00e9s! - Afrimvoe M\u00e9dical<\/title>\n<meta name=\"description\" content=\"Petits Gestes, Immense Impact! Prot\u00e9gez votre b\u00e9b\u00e9!\" \/>\n<meta name=\"robots\" content=\"index, follow, max-snippet:-1, max-image-preview:large, max-video-preview:-1\" \/>\n<link rel=\"canonical\" href=\"http:\/\/afrimvoe.net\/en\/prematures-journee-mondiale\/\" \/>\n<meta property=\"og:locale\" content=\"en_US\" \/>\n<meta property=\"og:type\" content=\"article\" \/>\n<meta property=\"og:title\" content=\"Journ\u00e9e Mondiale des Pr\u00e9matur\u00e9s! - Afrimvoe M\u00e9dical\" \/>\n<meta property=\"og:description\" content=\"Petits Gestes, Immense Impact! Prot\u00e9gez votre b\u00e9b\u00e9!\" \/>\n<meta property=\"og:url\" content=\"http:\/\/afrimvoe.net\/en\/prematures-journee-mondiale\/\" \/>\n<meta property=\"og:site_name\" content=\"Afrimvoe M\u00e9dical\" \/>\n<meta property=\"article:author\" content=\"https:\/\/web.facebook.com\/profile.php?id=61551157904498#:~:text=Editcoverphoto-,HealthResearchinAfrica,-5likes\" \/>\n<meta property=\"article:published_time\" content=\"2023-11-17T19:52:12+00:00\" \/>\n<meta property=\"article:modified_time\" content=\"2023-11-17T19:52:14+00:00\" \/>\n<meta property=\"og:image\" content=\"http:\/\/afrimvoe.net\/wp-content\/uploads\/2023\/11\/Journee-mondiale-de-lutte-contre-le-diabete-2.png\" \/>\n\t<meta property=\"og:image:width\" content=\"1414\" \/>\n\t<meta property=\"og:image:height\" content=\"2000\" \/>\n\t<meta property=\"og:image:type\" content=\"image\/png\" \/>\n<meta name=\"author\" content=\"afmed\" \/>\n<meta name=\"twitter:card\" content=\"summary_large_image\" \/>\n<meta name=\"twitter:label1\" content=\"Written by\" \/>\n\t<meta name=\"twitter:data1\" content=\"afmed\" \/>\n\t<meta name=\"twitter:label2\" content=\"Est. reading time\" \/>\n\t<meta name=\"twitter:data2\" content=\"1 minute\" \/>\n<script type=\"application\/ld+json\" class=\"yoast-schema-graph\">{\"@context\":\"https:\/\/schema.org\",\"@graph\":[{\"@type\":\"Article\",\"@id\":\"http:\/\/afrimvoe.net\/en\/prematures-journee-mondiale\/#article\",\"isPartOf\":{\"@id\":\"http:\/\/afrimvoe.net\/en\/prematures-journee-mondiale\/\"},\"author\":{\"name\":\"afmed\",\"@id\":\"http:\/\/afrimvoe.net\/en\/#\/schema\/person\/999cf2859139c68c600f61458d1046a3\"},\"headline\":\"Journ\u00e9e Mondiale des Pr\u00e9matur\u00e9s!\",\"datePublished\":\"2023-11-17T19:52:12+00:00\",\"dateModified\":\"2023-11-17T19:52:14+00:00\",\"mainEntityOfPage\":{\"@id\":\"http:\/\/afrimvoe.net\/en\/prematures-journee-mondiale\/\"},\"wordCount\":108,\"commentCount\":0,\"publisher\":{\"@id\":\"http:\/\/afrimvoe.net\/en\/#organization\"},\"image\":{\"@id\":\"http:\/\/afrimvoe.net\/en\/prematures-journee-mondiale\/#primaryimage\"},\"thumbnailUrl\":\"http:\/\/afrimvoe.net\/wp-content\/uploads\/2023\/11\/Journee-mondiale-de-lutte-contre-le-diabete-2.png\",\"keywords\":[\"journ\u00e9e mondiale\"],\"articleSection\":[\"journ\u00e9e mondiale\"],\"inLanguage\":\"en-US\",\"potentialAction\":[{\"@type\":\"CommentAction\",\"name\":\"Comment\",\"target\":[\"http:\/\/afrimvoe.net\/en\/prematures-journee-mondiale\/#respond\"]}]},{\"@type\":\"WebPage\",\"@id\":\"http:\/\/afrimvoe.net\/en\/prematures-journee-mondiale\/\",\"url\":\"http:\/\/afrimvoe.net\/en\/prematures-journee-mondiale\/\",\"name\":\"Journ\u00e9e Mondiale des Pr\u00e9matur\u00e9s! - Afrimvoe M\u00e9dical\",\"isPartOf\":{\"@id\":\"http:\/\/afrimvoe.net\/en\/#website\"},\"primaryImageOfPage\":{\"@id\":\"http:\/\/afrimvoe.net\/en\/prematures-journee-mondiale\/#primaryimage\"},\"image\":{\"@id\":\"http:\/\/afrimvoe.net\/en\/prematures-journee-mondiale\/#primaryimage\"},\"thumbnailUrl\":\"http:\/\/afrimvoe.net\/wp-content\/uploads\/2023\/11\/Journee-mondiale-de-lutte-contre-le-diabete-2.png\",\"datePublished\":\"2023-11-17T19:52:12+00:00\",\"dateModified\":\"2023-11-17T19:52:14+00:00\",\"description\":\"Petits Gestes, Immense Impact! Prot\u00e9gez votre b\u00e9b\u00e9!\",\"breadcrumb\":{\"@id\":\"http:\/\/afrimvoe.net\/en\/prematures-journee-mondiale\/#breadcrumb\"},\"inLanguage\":\"en-US\",\"potentialAction\":[{\"@type\":\"ReadAction\",\"target\":[\"http:\/\/afrimvoe.net\/en\/prematures-journee-mondiale\/\"]}]},{\"@type\":\"ImageObject\",\"inLanguage\":\"en-US\",\"@id\":\"http:\/\/afrimvoe.net\/en\/prematures-journee-mondiale\/#primaryimage\",\"url\":\"http:\/\/afrimvoe.net\/wp-content\/uploads\/2023\/11\/Journee-mondiale-de-lutte-contre-le-diabete-2.png\",\"contentUrl\":\"http:\/\/afrimvoe.net\/wp-content\/uploads\/2023\/11\/Journee-mondiale-de-lutte-contre-le-diabete-2.png\",\"width\":1414,\"height\":2000},{\"@type\":\"BreadcrumbList\",\"@id\":\"http:\/\/afrimvoe.net\/en\/prematures-journee-mondiale\/#breadcrumb\",\"itemListElement\":[{\"@type\":\"ListItem\",\"position\":1,\"name\":\"Accueil\",\"item\":\"http:\/\/afrimvoe.net\/en\/\"},{\"@type\":\"ListItem\",\"position\":2,\"name\":\"Journ\u00e9e Mondiale des Pr\u00e9matur\u00e9s!\"}]},{\"@type\":\"WebSite\",\"@id\":\"http:\/\/afrimvoe.net\/en\/#website\",\"url\":\"http:\/\/afrimvoe.net\/en\/\",\"name\":\"Afrimvoe M\u00e9dical\",\"description\":\"Sciences, Conscience, Exp\u00e9rience et Puissance des TIC au Service de Votre Sant\u00e9\",\"publisher\":{\"@id\":\"http:\/\/afrimvoe.net\/en\/#organization\"},\"potentialAction\":[{\"@type\":\"SearchAction\",\"target\":{\"@type\":\"EntryPoint\",\"urlTemplate\":\"http:\/\/afrimvoe.net\/en\/?s={search_term_string}\"},\"query-input\":{\"@type\":\"PropertyValueSpecification\",\"valueRequired\":true,\"valueName\":\"search_term_string\"}}],\"inLanguage\":\"en-US\"},{\"@type\":\"Organization\",\"@id\":\"http:\/\/afrimvoe.net\/en\/#organization\",\"name\":\"Afrimvoe M\u00e9dical\",\"url\":\"http:\/\/afrimvoe.net\/en\/\",\"logo\":{\"@type\":\"ImageObject\",\"inLanguage\":\"en-US\",\"@id\":\"http:\/\/afrimvoe.net\/en\/#\/schema\/logo\/image\/\",\"url\":\"http:\/\/afrimvoe.net\/wp-content\/uploads\/2021\/12\/cropped-Capture-decran-2023-09-20-125425.png\",\"contentUrl\":\"http:\/\/afrimvoe.net\/wp-content\/uploads\/2021\/12\/cropped-Capture-decran-2023-09-20-125425.png\",\"width\":148,\"height\":148,\"caption\":\"Afrimvoe M\u00e9dical\"},\"image\":{\"@id\":\"http:\/\/afrimvoe.net\/en\/#\/schema\/logo\/image\/\"}},{\"@type\":\"Person\",\"@id\":\"http:\/\/afrimvoe.net\/en\/#\/schema\/person\/999cf2859139c68c600f61458d1046a3\",\"name\":\"afmed\",\"image\":{\"@type\":\"ImageObject\",\"inLanguage\":\"en-US\",\"@id\":\"http:\/\/afrimvoe.net\/en\/#\/schema\/person\/image\/\",\"url\":\"https:\/\/secure.gravatar.com\/avatar\/8c65b3b16c3754091446a3eb65c478605533bfeb88f70d2be64d4046ed189955?s=96&d=mm&r=g\",\"contentUrl\":\"https:\/\/secure.gravatar.com\/avatar\/8c65b3b16c3754091446a3eb65c478605533bfeb88f70d2be64d4046ed189955?s=96&d=mm&r=g\",\"caption\":\"afmed\"},\"description\":\"Samuel Nko'o Amvene. Professor of Clinical Radiology; Director, Afrimvoe Medical Services; Consultant Radiologist, The Yaounde University Teaching Hospital\",\"sameAs\":[\"http:\/\/afrimvoe.net\",\"https:\/\/web.facebook.com\/profile.php?id=61551157904498#:~:text=Editcoverphoto-,HealthResearchinAfrica,-5likes\"],\"url\":\"http:\/\/afrimvoe.net\/en\/author\/afmed\/\"}]}<\/script>\n<!-- \/ Yoast SEO plugin. -->","yoast_head_json":{"title":"Journ\u00e9e Mondiale des Pr\u00e9matur\u00e9s! - Afrimvoe M\u00e9dical","description":"Petits Gestes, Immense Impact! Prot\u00e9gez votre b\u00e9b\u00e9!","robots":{"index":"index","follow":"follow","max-snippet":"max-snippet:-1","max-image-preview":"max-image-preview:large","max-video-preview":"max-video-preview:-1"},"canonical":"http:\/\/afrimvoe.net\/en\/prematures-journee-mondiale\/","og_locale":"en_US","og_type":"article","og_title":"Journ\u00e9e Mondiale des Pr\u00e9matur\u00e9s! - Afrimvoe M\u00e9dical","og_description":"Petits Gestes, Immense Impact! Prot\u00e9gez votre b\u00e9b\u00e9!","og_url":"http:\/\/afrimvoe.net\/en\/prematures-journee-mondiale\/","og_site_name":"Afrimvoe M\u00e9dical","article_author":"https:\/\/web.facebook.com\/profile.php?id=61551157904498#:~:text=Editcoverphoto-,HealthResearchinAfrica,-5likes","article_published_time":"2023-11-17T19:52:12+00:00","article_modified_time":"2023-11-17T19:52:14+00:00","og_image":[{"width":1414,"height":2000,"url":"http:\/\/afrimvoe.net\/wp-content\/uploads\/2023\/11\/Journee-mondiale-de-lutte-contre-le-diabete-2.png","type":"image\/png"}],"author":"afmed","twitter_card":"summary_large_image","twitter_misc":{"Written by":"afmed","Est. reading time":"1 minute"},"schema":{"@context":"https:\/\/schema.org","@graph":[{"@type":"Article","@id":"http:\/\/afrimvoe.net\/en\/prematures-journee-mondiale\/#article","isPartOf":{"@id":"http:\/\/afrimvoe.net\/en\/prematures-journee-mondiale\/"},"author":{"name":"afmed","@id":"http:\/\/afrimvoe.net\/en\/#\/schema\/person\/999cf2859139c68c600f61458d1046a3"},"headline":"Journ\u00e9e Mondiale des Pr\u00e9matur\u00e9s!","datePublished":"2023-11-17T19:52:12+00:00","dateModified":"2023-11-17T19:52:14+00:00","mainEntityOfPage":{"@id":"http:\/\/afrimvoe.net\/en\/prematures-journee-mondiale\/"},"wordCount":108,"commentCount":0,"publisher":{"@id":"http:\/\/afrimvoe.net\/en\/#organization"},"image":{"@id":"http:\/\/afrimvoe.net\/en\/prematures-journee-mondiale\/#primaryimage"},"thumbnailUrl":"http:\/\/afrimvoe.net\/wp-content\/uploads\/2023\/11\/Journee-mondiale-de-lutte-contre-le-diabete-2.png","keywords":["journ\u00e9e mondiale"],"articleSection":["journ\u00e9e mondiale"],"inLanguage":"en-US","potentialAction":[{"@type":"CommentAction","name":"Comment","target":["http:\/\/afrimvoe.net\/en\/prematures-journee-mondiale\/#respond"]}]},{"@type":"WebPage","@id":"http:\/\/afrimvoe.net\/en\/prematures-journee-mondiale\/","url":"http:\/\/afrimvoe.net\/en\/prematures-journee-mondiale\/","name":"Journ\u00e9e Mondiale des Pr\u00e9matur\u00e9s! - Afrimvoe M\u00e9dical","isPartOf":{"@id":"http:\/\/afrimvoe.net\/en\/#website"},"primaryImageOfPage":{"@id":"http:\/\/afrimvoe.net\/en\/prematures-journee-mondiale\/#primaryimage"},"image":{"@id":"http:\/\/afrimvoe.net\/en\/prematures-journee-mondiale\/#primaryimage"},"thumbnailUrl":"http:\/\/afrimvoe.net\/wp-content\/uploads\/2023\/11\/Journee-mondiale-de-lutte-contre-le-diabete-2.png","datePublished":"2023-11-17T19:52:12+00:00","dateModified":"2023-11-17T19:52:14+00:00","description":"Petits Gestes, Immense Impact! Prot\u00e9gez votre b\u00e9b\u00e9!","breadcrumb":{"@id":"http:\/\/afrimvoe.net\/en\/prematures-journee-mondiale\/#breadcrumb"},"inLanguage":"en-US","potentialAction":[{"@type":"ReadAction","target":["http:\/\/afrimvoe.net\/en\/prematures-journee-mondiale\/"]}]},{"@type":"ImageObject","inLanguage":"en-US","@id":"http:\/\/afrimvoe.net\/en\/prematures-journee-mondiale\/#primaryimage","url":"http:\/\/afrimvoe.net\/wp-content\/uploads\/2023\/11\/Journee-mondiale-de-lutte-contre-le-diabete-2.png","contentUrl":"http:\/\/afrimvoe.net\/wp-content\/uploads\/2023\/11\/Journee-mondiale-de-lutte-contre-le-diabete-2.png","width":1414,"height":2000},{"@type":"BreadcrumbList","@id":"http:\/\/afrimvoe.net\/en\/prematures-journee-mondiale\/#breadcrumb","itemListElement":[{"@type":"ListItem","position":1,"name":"Accueil","item":"http:\/\/afrimvoe.net\/en\/"},{"@type":"ListItem","position":2,"name":"Journ\u00e9e Mondiale des Pr\u00e9matur\u00e9s!"}]},{"@type":"WebSite","@id":"http:\/\/afrimvoe.net\/en\/#website","url":"http:\/\/afrimvoe.net\/en\/","name":"Afrimvoe M\u00e9dical","description":"Sciences, Conscience, Exp\u00e9rience et Puissance des TIC au Service de Votre Sant\u00e9","publisher":{"@id":"http:\/\/afrimvoe.net\/en\/#organization"},"potentialAction":[{"@type":"SearchAction","target":{"@type":"EntryPoint","urlTemplate":"http:\/\/afrimvoe.net\/en\/?s={search_term_string}"},"query-input":{"@type":"PropertyValueSpecification","valueRequired":true,"valueName":"search_term_string"}}],"inLanguage":"en-US"},{"@type":"Organization","@id":"http:\/\/afrimvoe.net\/en\/#organization","name":"Afrimvoe M\u00e9dical","url":"http:\/\/afrimvoe.net\/en\/","logo":{"@type":"ImageObject","inLanguage":"en-US","@id":"http:\/\/afrimvoe.net\/en\/#\/schema\/logo\/image\/","url":"http:\/\/afrimvoe.net\/wp-content\/uploads\/2021\/12\/cropped-Capture-decran-2023-09-20-125425.png","contentUrl":"http:\/\/afrimvoe.net\/wp-content\/uploads\/2021\/12\/cropped-Capture-decran-2023-09-20-125425.png","width":148,"height":148,"caption":"Afrimvoe M\u00e9dical"},"image":{"@id":"http:\/\/afrimvoe.net\/en\/#\/schema\/logo\/image\/"}},{"@type":"Person","@id":"http:\/\/afrimvoe.net\/en\/#\/schema\/person\/999cf2859139c68c600f61458d1046a3","name":"afmed","image":{"@type":"ImageObject","inLanguage":"en-US","@id":"http:\/\/afrimvoe.net\/en\/#\/schema\/person\/image\/","url":"https:\/\/secure.gravatar.com\/avatar\/8c65b3b16c3754091446a3eb65c478605533bfeb88f70d2be64d4046ed189955?s=96&d=mm&r=g","contentUrl":"https:\/\/secure.gravatar.com\/avatar\/8c65b3b16c3754091446a3eb65c478605533bfeb88f70d2be64d4046ed189955?s=96&d=mm&r=g","caption":"afmed"},"description":"Samuel Nko'o Amvene. Professor of Clinical Radiology; Director, Afrimvoe Medical Services; Consultant Radiologist, The Yaounde University Teaching Hospital","sameAs":["http:\/\/afrimvoe.net","https:\/\/web.facebook.com\/profile.php?id=61551157904498#:~:text=Editcoverphoto-,HealthResearchinAfrica,-5likes"],"url":"http:\/\/afrimvoe.net\/en\/author\/afmed\/"}]}},"_links":{"self":[{"href":"http:\/\/afrimvoe.net\/en\/wp-json\/wp\/v2\/posts\/332","targetHints":{"allow":["GET"]}}],"collection":[{"href":"http:\/\/afrimvoe.net\/en\/wp-json\/wp\/v2\/posts"}],"about":[{"href":"http:\/\/afrimvoe.net\/en\/wp-json\/wp\/v2\/types\/post"}],"author":[{"embeddable":true,"href":"http:\/\/afrimvoe.net\/en\/wp-json\/wp\/v2\/users\/1"}],"replies":[{"embeddable":true,"href":"http:\/\/afrimvoe.net\/en\/wp-json\/wp\/v2\/comments?post=332"}],"version-history":[{"count":1,"href":"http:\/\/afrimvoe.net\/en\/wp-json\/wp\/v2\/posts\/332\/revisions"}],"predecessor-version":[{"id":335,"href":"http:\/\/afrimvoe.net\/en\/wp-json\/wp\/v2\/posts\/332\/revisions\/335"}],"wp:featuredmedia":[{"embeddable":true,"href":"http:\/\/afrimvoe.net\/en\/wp-json\/wp\/v2\/media\/334"}],"wp:attachment":[{"href":"http:\/\/afrimvoe.net\/en\/wp-json\/wp\/v2\/media?parent=332"}],"wp:term":[{"taxonomy":"category","embeddable":true,"href":"http:\/\/afrimvoe.net\/en\/wp-json\/wp\/v2\/categories?post=332"},{"taxonomy":"post_tag","embeddable":true,"href":"http:\/\/afrimvoe.net\/en\/wp-json\/wp\/v2\/tags?post=332"}],"curies":[{"name":"wp","href":"https:\/\/api.w.org\/{rel}","templated":true}]}}